{"id":842,"date":"2019-02-24T23:30:06","date_gmt":"2019-02-24T22:30:06","guid":{"rendered":"https:\/\/www.strassergarde.de\/?p=842"},"modified":"2019-02-25T19:08:00","modified_gmt":"2019-02-25T18:08:00","slug":"die-strasser-garde-trauert-um-willi-sommer","status":"publish","type":"post","link":"https:\/\/www.strassergarde.de\/?p=842","title":{"rendered":"Die Strasser Garde trauert um Willi Sommer"},"content":{"rendered":"<p class=\"p1\"><span class=\"s1\">Die Strasser Garde trauert um sein langj\u00e4hriges Mitglied Willi Sommer, der am 18. Februar im Alter von 80 Jahren \u00fcberraschend verstorben ist.<\/span><\/p>\n<p class=\"p1\"><span class=\"s1\">Von seinem pl\u00f6tzlichen Tod sind wir alle tief betroffen.<\/span><\/p>\n<p><img decoding=\"async\" loading=\"lazy\" class=\"aligncenter size-full wp-image-843\" src=\"https:\/\/www.strassergarde.de\/wp-content\/uploads\/2019\/02\/IMG_7727.png\" alt=\"\" width=\"750\" height=\"778\" srcset=\"https:\/\/www.strassergarde.de\/wp-content\/uploads\/2019\/02\/IMG_7727.png 750w, https:\/\/www.strassergarde.de\/wp-content\/uploads\/2019\/02\/IMG_7727-123x128.png 123w, https:\/\/www.strassergarde.de\/wp-content\/uploads\/2019\/02\/IMG_7727-289x300.png 289w\" sizes=\"(max-width: 750px) 100vw, 750px\" \/><\/p>\n<p class=\"p1\"><span class=\"s1\">Willi Sommer war bereits seit der Gr\u00fcndung der Strasser Garde im Jahre 1978 mit dabei und unterst\u00fctzte uns musikalisch sowohl mit der Trompete als auch mit der Great Highland Bagpipe. <\/span><\/p>\n<p class=\"p1\"><span class=\"s1\">Er hat bei nahezu all unseren Auftritten mitgewirkt und sich mit seiner fr\u00f6hlichen Art \u00fcberall Freunde gemacht. <\/span><\/p>\n<p class=\"p1\"><span class=\"s1\">So verlieren wir mit Willi Sommer nicht nur einen Piper, sondern auch einen immer gut gelaunten Musikkameraden und geselligen Freund. <\/span><\/p>\n<p class=\"p1\"><span class=\"s1\">Wir sind einen langen Weg gemeinsam gegangen, einen Weg, der uns alle musikalisch gepr\u00e4gt hat. Die 40 Jahre seiner T\u00e4tigkeit in unserem Verein und die damit verbundenen Erlebnisse bleiben in uns lebendig und sind unausl\u00f6schlich Teil unserer Geschichte.<\/span><\/p>\n<p class=\"p1\"><span class=\"s1\">Unser Tiefes Mitgef\u00fchl gilt im Besonderen Linda Sommer, sowie allen seinen Angeh\u00f6rigen.<\/span><\/p>\n","protected":false},"excerpt":{"rendered":"<p>Die Strasser Garde trauert um sein langj\u00e4hriges Mitglied Willi Sommer, der am 18. Februar im Alter von 80 Jahren \u00fcberraschend verstorben ist. Von seinem pl\u00f6tzlichen Tod sind wir alle tief betroffen. Willi Sommer war bereits seit der Gr\u00fcndung der Strasser &hellip; <a href=\"https:\/\/www.strassergarde.de\/?p=842\">Weiterlesen <span class=\"meta-nav\">&rarr;<\/span><\/a><\/p>\n","protected":false},"author":8,"featured_media":0,"comment_status":"open","ping_status":"open","sticky":false,"template":"","format":"standard","meta":[],"categories":[1],"tags":[],"_links":{"self":[{"href":"https:\/\/www.strassergarde.de\/index.php?rest_route=\/wp\/v2\/posts\/842"}],"collection":[{"href":"https:\/\/www.strassergarde.de\/index.php?rest_route=\/wp\/v2\/posts"}],"about":[{"href":"https:\/\/www.strassergarde.de\/index.php?rest_route=\/wp\/v2\/types\/post"}],"author":[{"embeddable":true,"href":"https:\/\/www.strassergarde.de\/index.php?rest_route=\/wp\/v2\/users\/8"}],"replies":[{"embeddable":true,"href":"https:\/\/www.strassergarde.de\/index.php?rest_route=%2Fwp%2Fv2%2Fcomments&post=842"}],"version-history":[{"count":2,"href":"https:\/\/www.strassergarde.de\/index.php?rest_route=\/wp\/v2\/posts\/842\/revisions"}],"predecessor-version":[{"id":846,"href":"https:\/\/www.strassergarde.de\/index.php?rest_route=\/wp\/v2\/posts\/842\/revisions\/846"}],"wp:attachment":[{"href":"https:\/\/www.strassergarde.de\/index.php?rest_route=%2Fwp%2Fv2%2Fmedia&parent=842"}],"wp:term":[{"taxonomy":"category","embeddable":true,"href":"https:\/\/www.strassergarde.de\/index.php?rest_route=%2Fwp%2Fv2%2Fcategories&post=842"},{"taxonomy":"post_tag","embeddable":true,"href":"https:\/\/www.strassergarde.de\/index.php?rest_route=%2Fwp%2Fv2%2Ftags&post=842"}],"curies":[{"name":"wp","href":"https:\/\/api.w.org\/{rel}","templated":true}]}}