{"id":826,"date":"2018-05-22T15:17:55","date_gmt":"2018-05-22T13:17:55","guid":{"rendered":"https:\/\/www.strassergarde.de\/?p=826"},"modified":"2018-05-22T15:18:10","modified_gmt":"2018-05-22T13:18:10","slug":"jahreshauptversammlung-2018","status":"publish","type":"post","link":"https:\/\/www.strassergarde.de\/?p=826","title":{"rendered":"Jahreshauptversammlung 2018"},"content":{"rendered":"<p>Mit der Begr\u00fc\u00dfung durch den 1. Vorstand Stefan Brand wurde die diesj\u00e4hrige Jahreshauptversammlung der Strasser Garde Rheinhausen im TSV Clubhaus in Rheinhausen am 12. Mai er\u00f6ffnet.<\/p>\n<div><\/div>\n<div>Nach einer Schweigeminute, kommentierte der 1. Vorstand, Stefan Brand, in seinem Bericht \u00fcber das vergangene Jahr einige Auftritte der Strasser Garde.<\/div>\n<div>Dazu z\u00e4hlte das Konzert der Strasser Garde beim Pfingstmarkt in Eichtersheim, sowie die zahlreichen Auftritte zur Faschingszeit.<\/div>\n<div><\/div>\n<div>Dem Bericht des Kassiers G\u00fcnter Offenloch konnte man im weiteren Verlauf der Sitzung entnehmen, dass die Strasser Garde auch nach Ablauf des letzten Vereinsjahres auf einer soliden Finanzbasis aufgestellt ist.<\/div>\n<div>Die Kassenpr\u00fcfer Ralf Eschelbach und Martin Heckmann konnten dem Kassier eine einwandfreie Kassenpr\u00fcfung best\u00e4tigen und den anwesenden Mitgliedern die Entlastung des Kassiers vorschlagen. Die Entlastung folgte direkt dem Antrag der Kassenpr\u00fcfer, die dann auch f\u00fcr ihr Amt im n\u00e4chsten Jahr wiedergew\u00e4hlt wurden.<\/div>\n<div>Anschlie\u00dfend konnte der 1. Vorstand Stefan Brand viele Mitglieder mit einer Ehrung f\u00fcr die langj\u00e4hrige Vereinszugeh\u00f6rigkeit auszeichnen.<\/div>\n<div>Hierbei wurden folgende aktive Mitglieder geehrt:<\/div>\n<table>\n<tbody>\n<tr>\n<td>Martin Brand<\/td>\n<td>40 Jahre<\/td>\n<\/tr>\n<tr>\n<td>Stefan Brand<\/td>\n<td>40 Jahre<\/td>\n<\/tr>\n<tr>\n<td>Frank Hormuth<\/td>\n<td>20 Jahre<\/td>\n<\/tr>\n<tr>\n<td>Anita Siefert<\/td>\n<td>10 Jahre<\/td>\n<\/tr>\n<tr>\n<td>Rudi Siefert<\/td>\n<td>10 Jahre<\/td>\n<\/tr>\n<\/tbody>\n<\/table>\n<div><\/div>\n<div><img decoding=\"async\" loading=\"lazy\" class=\"aligncenter size-large wp-image-828\" src=\"https:\/\/www.strassergarde.de\/wp-content\/uploads\/2018\/05\/WhatsApp-Image-2018-05-13-at-15.54.51-1024x768.jpg\" alt=\"\" width=\"584\" height=\"438\" srcset=\"https:\/\/www.strassergarde.de\/wp-content\/uploads\/2018\/05\/WhatsApp-Image-2018-05-13-at-15.54.51-1024x768.jpg 1024w, https:\/\/www.strassergarde.de\/wp-content\/uploads\/2018\/05\/WhatsApp-Image-2018-05-13-at-15.54.51-128x96.jpg 128w, https:\/\/www.strassergarde.de\/wp-content\/uploads\/2018\/05\/WhatsApp-Image-2018-05-13-at-15.54.51-300x225.jpg 300w, https:\/\/www.strassergarde.de\/wp-content\/uploads\/2018\/05\/WhatsApp-Image-2018-05-13-at-15.54.51-768x576.jpg 768w, https:\/\/www.strassergarde.de\/wp-content\/uploads\/2018\/05\/WhatsApp-Image-2018-05-13-at-15.54.51-400x300.jpg 400w, https:\/\/www.strassergarde.de\/wp-content\/uploads\/2018\/05\/WhatsApp-Image-2018-05-13-at-15.54.51.jpg 1280w\" sizes=\"(max-width: 584px) 100vw, 584px\" \/><\/div>\n<div>Zudem wurden noch folgende passive Mitglieder f\u00fcr ihre lange Vereinsmitgliedschaft geehrt:<\/div>\n<div><\/div>\n<table>\n<tbody>\n<tr>\n<td>Veronika B\u00f6rzel<\/td>\n<td>40 Jahre<\/td>\n<\/tr>\n<tr>\n<td>Willi Sommer<\/td>\n<td>40 Jahre<\/td>\n<\/tr>\n<tr>\n<td>Richard Hambsch<\/td>\n<td>40 Jahre<\/td>\n<\/tr>\n<tr>\n<td>Hans Holzinger<\/td>\n<td>25 Jahre<\/td>\n<\/tr>\n<tr>\n<td>Renate Hambsch<\/td>\n<td>25 Jahre<\/td>\n<\/tr>\n<tr>\n<td>Erika Fichtenmeier<\/td>\n<td>25 Jahre<\/td>\n<\/tr>\n<tr>\n<td>Rosemarie Hambsch<\/td>\n<td>25 Jahre<\/td>\n<\/tr>\n<tr>\n<td>Klaus-Dieter Heller<\/td>\n<td>25 Jahre<\/td>\n<\/tr>\n<\/tbody>\n<\/table>\n<div><\/div>\n<div>Nach den Berichten der Ausbilder \u00fcber die einzelnen Registerleistungen und Ausblicken auf zuk\u00fcnftige Aufgaben und Lernziele, konnte der 1. Vorstand die Hauptversammlung beschlie\u00dfen und man konnte zum geselligen Teil der Veranstaltung \u00fcbergehen.<\/div>\n","protected":false},"excerpt":{"rendered":"<p>Mit der Begr\u00fc\u00dfung durch den 1. Vorstand Stefan Brand wurde die diesj\u00e4hrige Jahreshauptversammlung der Strasser Garde Rheinhausen im TSV Clubhaus in Rheinhausen am 12. Mai er\u00f6ffnet. Nach einer Schweigeminute, kommentierte der 1. Vorstand, Stefan Brand, in seinem Bericht \u00fcber das &hellip; <a href=\"https:\/\/www.strassergarde.de\/?p=826\">Weiterlesen <span class=\"meta-nav\">&rarr;<\/span><\/a><\/p>\n","protected":false},"author":8,"featured_media":0,"comment_status":"closed","ping_status":"closed","sticky":false,"template":"","format":"standard","meta":[],"categories":[1],"tags":[],"_links":{"self":[{"href":"https:\/\/www.strassergarde.de\/index.php?rest_route=\/wp\/v2\/posts\/826"}],"collection":[{"href":"https:\/\/www.strassergarde.de\/index.php?rest_route=\/wp\/v2\/posts"}],"about":[{"href":"https:\/\/www.strassergarde.de\/index.php?rest_route=\/wp\/v2\/types\/post"}],"author":[{"embeddable":true,"href":"https:\/\/www.strassergarde.de\/index.php?rest_route=\/wp\/v2\/users\/8"}],"replies":[{"embeddable":true,"href":"https:\/\/www.strassergarde.de\/index.php?rest_route=%2Fwp%2Fv2%2Fcomments&post=826"}],"version-history":[{"count":2,"href":"https:\/\/www.strassergarde.de\/index.php?rest_route=\/wp\/v2\/posts\/826\/revisions"}],"predecessor-version":[{"id":829,"href":"https:\/\/www.strassergarde.de\/index.php?rest_route=\/wp\/v2\/posts\/826\/revisions\/829"}],"wp:attachment":[{"href":"https:\/\/www.strassergarde.de\/index.php?rest_route=%2Fwp%2Fv2%2Fmedia&parent=826"}],"wp:term":[{"taxonomy":"category","embeddable":true,"href":"https:\/\/www.strassergarde.de\/index.php?rest_route=%2Fwp%2Fv2%2Fcategories&post=826"},{"taxonomy":"post_tag","embeddable":true,"href":"https:\/\/www.strassergarde.de\/index.php?rest_route=%2Fwp%2Fv2%2Ftags&post=826"}],"curies":[{"name":"wp","href":"https:\/\/api.w.org\/{rel}","templated":true}]}}