{"id":808,"date":"2018-01-17T00:17:50","date_gmt":"2018-01-16T23:17:50","guid":{"rendered":"http:\/\/www.strassergarde.de\/?p=808"},"modified":"2018-01-17T00:17:50","modified_gmt":"2018-01-16T23:17:50","slug":"ehrenabend-der-kage-narhalla-philippsburg","status":"publish","type":"post","link":"https:\/\/www.strassergarde.de\/?p=808","title":{"rendered":"Ehrenabend der KaGe Narhalla Philippsburg"},"content":{"rendered":"<p>Nach dem Empfang am Nachmittag war die Strasser Garde auch beim Ehrenabend Gast der KaGe Narhalla. P\u00fcnktlich vom Auftritt aus Ludwigshafen angereist, kam man rechtzeitig an, um den Auftritt des diesj\u00e4hrigen Trommlerpreistr\u00e4gers zu erleben.<\/p>\n<p>Die Altneihauser Feuerwehrkapell&#8217;n bot dem Phillipsburger Publikum mit einer Mischung aus z\u00fcnftiger Blasmusik und tradtionellem Derblecken einen ganz besonderen H\u00f6hepunkt des Abends. Nicht nur die Bundespolitik bekam ihr Fett ab, sondern auch auf die lokalen Begebenheiten ging Kommandant Neugirg ein.<\/p>\n<p><img decoding=\"async\" loading=\"lazy\" class=\"aligncenter size-large wp-image-811\" src=\"http:\/\/www.strassergarde.de\/wp-content\/uploads\/2018\/01\/altneihaus-e1516056691812-1024x612.png\" alt=\"\" width=\"584\" height=\"349\" srcset=\"https:\/\/www.strassergarde.de\/wp-content\/uploads\/2018\/01\/altneihaus-e1516056691812-1024x612.png 1024w, https:\/\/www.strassergarde.de\/wp-content\/uploads\/2018\/01\/altneihaus-e1516056691812-128x77.png 128w, https:\/\/www.strassergarde.de\/wp-content\/uploads\/2018\/01\/altneihaus-e1516056691812-300x179.png 300w, https:\/\/www.strassergarde.de\/wp-content\/uploads\/2018\/01\/altneihaus-e1516056691812-768x459.png 768w, https:\/\/www.strassergarde.de\/wp-content\/uploads\/2018\/01\/altneihaus-e1516056691812-500x300.png 500w, https:\/\/www.strassergarde.de\/wp-content\/uploads\/2018\/01\/altneihaus-e1516056691812.png 1194w\" sizes=\"(max-width: 584px) 100vw, 584px\" \/><\/p>\n<div id=\"attachment_809\" style=\"width: 310px\" class=\"wp-caption alignright\"><img aria-describedby=\"caption-attachment-809\" decoding=\"async\" loading=\"lazy\" class=\"wp-image-809 size-medium\" src=\"http:\/\/www.strassergarde.de\/wp-content\/uploads\/2018\/01\/MG_1966-1-300x233.jpg\" alt=\"\" width=\"300\" height=\"233\" srcset=\"https:\/\/www.strassergarde.de\/wp-content\/uploads\/2018\/01\/MG_1966-1-300x233.jpg 300w, https:\/\/www.strassergarde.de\/wp-content\/uploads\/2018\/01\/MG_1966-1-128x100.jpg 128w, https:\/\/www.strassergarde.de\/wp-content\/uploads\/2018\/01\/MG_1966-1-768x597.jpg 768w, https:\/\/www.strassergarde.de\/wp-content\/uploads\/2018\/01\/MG_1966-1-1024x796.jpg 1024w, https:\/\/www.strassergarde.de\/wp-content\/uploads\/2018\/01\/MG_1966-1-386x300.jpg 386w, https:\/\/www.strassergarde.de\/wp-content\/uploads\/2018\/01\/MG_1966-1.jpg 1280w\" sizes=\"(max-width: 300px) 100vw, 300px\" \/><p id=\"caption-attachment-809\" class=\"wp-caption-text\">Dirigent Stefan Brand, Piper Oliver K\u00f6hler, sowie Jungpiperin Annika Wirth<\/p><\/div>\n<p>Die Strasser Garde hatte die Ehre, den tollen Abend in Huttenheim abzuschlie\u00dfen. Wie auch in Ludwigshafen begann der Einmarsch mit Scotland The Brave. Es folgten Highland Cathedral, sowie Loch Lomond. Ebenfalls nicht fehlen durfte Sierra Madre und einige andere Fastnachtshits, bei dem das Publikum zur sp\u00e4ten Stunde noch einmal gefordert wurde.<\/p>\n<p>Zu guter Letzt l\u00e4utete Amazing Grace das Ende des Auftritts ein und nach einigen dankenden Worten des Pr\u00e4sidenten Harald Weis verabschiedete sich man mit &#8222;Der Paul Und Sein Gaul&#8220; vom Publikum.<\/p>\n<p><img decoding=\"async\" loading=\"lazy\" class=\"aligncenter size-full wp-image-810\" src=\"http:\/\/www.strassergarde.de\/wp-content\/uploads\/2018\/01\/MG_1973.jpg\" alt=\"\" width=\"657\" height=\"299\" srcset=\"https:\/\/www.strassergarde.de\/wp-content\/uploads\/2018\/01\/MG_1973.jpg 657w, https:\/\/www.strassergarde.de\/wp-content\/uploads\/2018\/01\/MG_1973-128x58.jpg 128w, https:\/\/www.strassergarde.de\/wp-content\/uploads\/2018\/01\/MG_1973-300x137.jpg 300w, https:\/\/www.strassergarde.de\/wp-content\/uploads\/2018\/01\/MG_1973-500x228.jpg 500w\" sizes=\"(max-width: 657px) 100vw, 657px\" \/><\/p>\n<p>Wir bedanken uns bei der KaGe Narhalla f\u00fcr die Einladung und den gelungen Abend und hoffen, dass den N\u00e4rrinnen und Narren unser Auftritt gefallen hat.<\/p>\n","protected":false},"excerpt":{"rendered":"<p>Nach dem Empfang am Nachmittag war die Strasser Garde auch beim Ehrenabend Gast der KaGe Narhalla. P\u00fcnktlich vom Auftritt aus Ludwigshafen angereist, kam man rechtzeitig an, um den Auftritt des diesj\u00e4hrigen Trommlerpreistr\u00e4gers zu erleben. Die Altneihauser Feuerwehrkapell&#8217;n bot dem Phillipsburger &hellip; <a href=\"https:\/\/www.strassergarde.de\/?p=808\">Weiterlesen <span class=\"meta-nav\">&rarr;<\/span><\/a><\/p>\n","protected":false},"author":8,"featured_media":0,"comment_status":"closed","ping_status":"open","sticky":false,"template":"","format":"standard","meta":[],"categories":[1],"tags":[],"_links":{"self":[{"href":"https:\/\/www.strassergarde.de\/index.php?rest_route=\/wp\/v2\/posts\/808"}],"collection":[{"href":"https:\/\/www.strassergarde.de\/index.php?rest_route=\/wp\/v2\/posts"}],"about":[{"href":"https:\/\/www.strassergarde.de\/index.php?rest_route=\/wp\/v2\/types\/post"}],"author":[{"embeddable":true,"href":"https:\/\/www.strassergarde.de\/index.php?rest_route=\/wp\/v2\/users\/8"}],"replies":[{"embeddable":true,"href":"https:\/\/www.strassergarde.de\/index.php?rest_route=%2Fwp%2Fv2%2Fcomments&post=808"}],"version-history":[{"count":3,"href":"https:\/\/www.strassergarde.de\/index.php?rest_route=\/wp\/v2\/posts\/808\/revisions"}],"predecessor-version":[{"id":819,"href":"https:\/\/www.strassergarde.de\/index.php?rest_route=\/wp\/v2\/posts\/808\/revisions\/819"}],"wp:attachment":[{"href":"https:\/\/www.strassergarde.de\/index.php?rest_route=%2Fwp%2Fv2%2Fmedia&parent=808"}],"wp:term":[{"taxonomy":"category","embeddable":true,"href":"https:\/\/www.strassergarde.de\/index.php?rest_route=%2Fwp%2Fv2%2Fcategories&post=808"},{"taxonomy":"post_tag","embeddable":true,"href":"https:\/\/www.strassergarde.de\/index.php?rest_route=%2Fwp%2Fv2%2Ftags&post=808"}],"curies":[{"name":"wp","href":"https:\/\/api.w.org\/{rel}","templated":true}]}}