{"id":518,"date":"2013-08-12T21:51:32","date_gmt":"2013-08-12T19:51:32","guid":{"rendered":"http:\/\/www.strassergarde.de\/?p=518"},"modified":"2013-09-02T10:44:48","modified_gmt":"2013-09-02T08:44:48","slug":"ravensburg-2013","status":"publish","type":"post","link":"https:\/\/www.strassergarde.de\/?p=518","title":{"rendered":"Ravensburg 2013"},"content":{"rendered":"<p>[nggallery id=28]Am 07.07.2013 erlebten mehr als 300 Zuschauer bei hereinbrechender Dunkelheit die Strassergarde im Innenhof der Ravensburg in Sulzfeld. Am Horizont ging glutrot die Sonne unter, als wir &#8222;Amazing Grace&#8220; spielten. Die Sulzfelder B\u00fcrgervereinigung lud uns zu diesem Benefizkonzert ein, wo ebenso die B\u00fcrgermeisterin Sarina Pfr\u00fcnder die Zuschauer und uns begr\u00fc\u00dfte. Der Erl\u00f6s kommt der Stiftung der Blanc- und Fischer- Gemeinschaftstschule Sulzfeld zu Gute. Dank sechs Sponsoren, welche unsere Gage \u00fcbernahmen, flie\u00dfen die Eintrittsgelder in voller H\u00f6he der Stiftung zu. Schon vor zwei Jahren waren wir zum Festival der guten Taten auf der Ravensburg eingeladen und waren von dem wunderbaren Abiente der mittelalterlichen Burg begeistert.<\/p>\n","protected":false},"excerpt":{"rendered":"<p>[nggallery id=28]Am 07.07.2013 erlebten mehr als 300 Zuschauer bei hereinbrechender Dunkelheit die Strassergarde im Innenhof der Ravensburg in Sulzfeld. Am Horizont ging glutrot die Sonne unter, als wir &#8222;Amazing Grace&#8220; spielten. Die Sulzfelder B\u00fcrgervereinigung lud uns zu diesem Benefizkonzert ein, &hellip; <a href=\"https:\/\/www.strassergarde.de\/?p=518\">Weiterlesen <span class=\"meta-nav\">&rarr;<\/span><\/a><\/p>\n","protected":false},"author":2,"featured_media":0,"comment_status":"closed","ping_status":"open","sticky":false,"template":"","format":"standard","meta":[],"categories":[1],"tags":[],"_links":{"self":[{"href":"https:\/\/www.strassergarde.de\/index.php?rest_route=\/wp\/v2\/posts\/518"}],"collection":[{"href":"https:\/\/www.strassergarde.de\/index.php?rest_route=\/wp\/v2\/posts"}],"about":[{"href":"https:\/\/www.strassergarde.de\/index.php?rest_route=\/wp\/v2\/types\/post"}],"author":[{"embeddable":true,"href":"https:\/\/www.strassergarde.de\/index.php?rest_route=\/wp\/v2\/users\/2"}],"replies":[{"embeddable":true,"href":"https:\/\/www.strassergarde.de\/index.php?rest_route=%2Fwp%2Fv2%2Fcomments&post=518"}],"version-history":[{"count":6,"href":"https:\/\/www.strassergarde.de\/index.php?rest_route=\/wp\/v2\/posts\/518\/revisions"}],"predecessor-version":[{"id":523,"href":"https:\/\/www.strassergarde.de\/index.php?rest_route=\/wp\/v2\/posts\/518\/revisions\/523"}],"wp:attachment":[{"href":"https:\/\/www.strassergarde.de\/index.php?rest_route=%2Fwp%2Fv2%2Fmedia&parent=518"}],"wp:term":[{"taxonomy":"category","embeddable":true,"href":"https:\/\/www.strassergarde.de\/index.php?rest_route=%2Fwp%2Fv2%2Fcategories&post=518"},{"taxonomy":"post_tag","embeddable":true,"href":"https:\/\/www.strassergarde.de\/index.php?rest_route=%2Fwp%2Fv2%2Ftags&post=518"}],"curies":[{"name":"wp","href":"https:\/\/api.w.org\/{rel}","templated":true}]}}