{"id":322,"date":"2012-07-13T17:24:17","date_gmt":"2012-07-13T15:24:17","guid":{"rendered":"http:\/\/www.strassergarde.de\/?p=322"},"modified":"2013-03-14T08:42:49","modified_gmt":"2013-03-14T07:42:49","slug":"jahresausflug-der-strasser-garde-koln-und-kolle-alaaf-im-juni","status":"publish","type":"post","link":"https:\/\/www.strassergarde.de\/?p=322","title":{"rendered":"Jahresausflug der Strasser Garde \u2013 K\u00f6ln und K\u00f6lle alaaf im Juni"},"content":{"rendered":"<p>Am 30.06.2012 versammelten wir uns morgens 9.00 Uhr vor der Tulla-Halle, um uns auf den Weg nach K\u00f6ln zu machen.<\/p>\n<p>Unser diesj\u00e4hriger Ausflug stand auf dem Programm. Nach einem ausgiebigen Fr\u00fchst\u00fcck direkt an der Moseltalbr\u00fccke kamen wir gegen 14.30 Uhr in K\u00f6ln an, checkten im Hotel &#8222;CM Caprice&#8220; ein und wurden vor dem Hotel von Doris &#8211; Stefans Tante, erwartet.<a href=\"http:\/\/www.strassergarde.de\/?attachment_id=329\" rel=\"attachment wp-att-329\"><img decoding=\"async\" loading=\"lazy\" class=\"alignnone size-medium wp-image-329\" title=\"IMG_0016\" src=\"http:\/\/www.strassergarde.de\/wp-content\/uploads\/2012\/07\/IMG_00161-300x200.jpg\" alt=\"\" width=\"300\" height=\"200\" srcset=\"https:\/\/www.strassergarde.de\/wp-content\/uploads\/2012\/07\/IMG_00161-300x200.jpg 300w, https:\/\/www.strassergarde.de\/wp-content\/uploads\/2012\/07\/IMG_00161-128x85.jpg 128w, https:\/\/www.strassergarde.de\/wp-content\/uploads\/2012\/07\/IMG_00161-1024x682.jpg 1024w, https:\/\/www.strassergarde.de\/wp-content\/uploads\/2012\/07\/IMG_00161-450x300.jpg 450w\" sizes=\"(max-width: 300px) 100vw, 300px\" \/><\/a><\/p>\n<p>Sie f\u00fchrte uns mit sehr vielen Informationen durch die Stadt. Wir schossen Fotos bei \u201eWilly Millowitsch\u201c und nach einer Dom- Besichtigung, vervollst\u00e4ndigten wir die Hohenzollernbr\u00fccke mit weiteren Liebesschl\u00f6ssern <a href=\"http:\/\/www.strassergarde.de\/?attachment_id=330\" rel=\"attachment wp-att-330\"><img decoding=\"async\" loading=\"lazy\" class=\"alignnone size-medium wp-image-330\" title=\"IMG_0076\" src=\"http:\/\/www.strassergarde.de\/wp-content\/uploads\/2012\/07\/IMG_0076-300x200.jpg\" alt=\"\" width=\"300\" height=\"200\" srcset=\"https:\/\/www.strassergarde.de\/wp-content\/uploads\/2012\/07\/IMG_0076-300x200.jpg 300w, https:\/\/www.strassergarde.de\/wp-content\/uploads\/2012\/07\/IMG_0076-128x85.jpg 128w, https:\/\/www.strassergarde.de\/wp-content\/uploads\/2012\/07\/IMG_0076-1024x682.jpg 1024w, https:\/\/www.strassergarde.de\/wp-content\/uploads\/2012\/07\/IMG_0076-450x300.jpg 450w\" sizes=\"(max-width: 300px) 100vw, 300px\" \/><\/a>und trafen gegen 19.00 Uhr im \u201e<strong><span style=\"color: #888888;\">Der<\/span> <span style=\"color: #888888;\">K\u00f6lsche Jung<\/span><\/strong>\u201c ein. Wir danken Doris f\u00fcr die interessante und umfangreiche Stadtbesichtigung und hoffen, dass wir uns auf irgendeinem Konzert mal wiedersehen.<\/p>\n<p>Im Restaurant \u201e<span style=\"color: #888888;\"><strong>Der <\/strong><strong>K\u00f6lsche Jung<\/strong><\/span>\u201c wurden wir durch den Gesang des Wirtes angesteckt und erlebten einen wundersch\u00f6nen Abend.<a href=\"http:\/\/www.strassergarde.de\/?attachment_id=328\" rel=\"attachment wp-att-328\"><img decoding=\"async\" loading=\"lazy\" class=\"alignnone size-medium wp-image-328\" title=\"IMG_0125\" src=\"http:\/\/www.strassergarde.de\/wp-content\/uploads\/2012\/07\/IMG_0125-300x200.jpg\" alt=\"\" width=\"300\" height=\"200\" srcset=\"https:\/\/www.strassergarde.de\/wp-content\/uploads\/2012\/07\/IMG_0125-300x200.jpg 300w, https:\/\/www.strassergarde.de\/wp-content\/uploads\/2012\/07\/IMG_0125-128x85.jpg 128w, https:\/\/www.strassergarde.de\/wp-content\/uploads\/2012\/07\/IMG_0125-1024x682.jpg 1024w, https:\/\/www.strassergarde.de\/wp-content\/uploads\/2012\/07\/IMG_0125-450x300.jpg 450w\" sizes=\"(max-width: 300px) 100vw, 300px\" \/><\/a><\/p>\n<p>Nach einer dann doch etwas zu kurzen Nacht fuhren wir am darauffolgenden Tag nach Langerwehe, ca 60 km von K\u00f6ln entfernt.<\/p>\n<p>Wir waren eingeladen zum dortigen Sommerfest zu spielen. Bei herrlichem Sonnenschein, von den Besuchern des verkaufsoffenen Sonntages erwartet, staunten wir nicht schlecht, die unterschiedlichsten Musikgruppen aus verschiedensten Teilen Deutschlands vorzufinden. \u00dcber 250 Musiker wurden in Langerwehe begr\u00fc\u00dft.<\/p>\n<p>Unter anderem die \u201eFascinating Drums oder \u201eFliegende St\u00f6cke\u201c, \u00a0die Marching Band \u201eThe sound of Frankfurt\u201c, \u00a0<a href=\"http:\/\/www.strassergarde.de\/?attachment_id=327\" rel=\"attachment wp-att-327\"><img decoding=\"async\" loading=\"lazy\" class=\"alignnone size-medium wp-image-327\" title=\"IMG_0266\" src=\"http:\/\/www.strassergarde.de\/wp-content\/uploads\/2012\/07\/IMG_0266-300x200.jpg\" alt=\"\" width=\"300\" height=\"200\" srcset=\"https:\/\/www.strassergarde.de\/wp-content\/uploads\/2012\/07\/IMG_0266-300x200.jpg 300w, https:\/\/www.strassergarde.de\/wp-content\/uploads\/2012\/07\/IMG_0266-128x85.jpg 128w, https:\/\/www.strassergarde.de\/wp-content\/uploads\/2012\/07\/IMG_0266-1024x682.jpg 1024w, https:\/\/www.strassergarde.de\/wp-content\/uploads\/2012\/07\/IMG_0266-450x300.jpg 450w\" sizes=\"(max-width: 300px) 100vw, 300px\" \/><\/a><\/p>\n<p>die Marching Band \u201eStarriders Drum &amp; Bugle Corps\u201c, der \u00a0\u201eSpielmanns- und Fanfarrenzug der \u00a0Freiwilligen Feuerwehr Alsfeld\u201c, das \u201eMusikkorps der Freiwilligen Feuerwehr Grosser- Linden\u201c und \u201ePasParTouT\u201c mit Coch- Tales.<a href=\"http:\/\/www.strassergarde.de\/?attachment_id=326\" rel=\"attachment wp-att-326\"><img decoding=\"async\" loading=\"lazy\" class=\"alignnone size-medium wp-image-326\" title=\"IMG_0352\" src=\"http:\/\/www.strassergarde.de\/wp-content\/uploads\/2012\/07\/IMG_0352-300x200.jpg\" alt=\"\" width=\"300\" height=\"200\" srcset=\"https:\/\/www.strassergarde.de\/wp-content\/uploads\/2012\/07\/IMG_0352-300x200.jpg 300w, https:\/\/www.strassergarde.de\/wp-content\/uploads\/2012\/07\/IMG_0352-128x85.jpg 128w, https:\/\/www.strassergarde.de\/wp-content\/uploads\/2012\/07\/IMG_0352-1024x682.jpg 1024w, https:\/\/www.strassergarde.de\/wp-content\/uploads\/2012\/07\/IMG_0352-450x300.jpg 450w\" sizes=\"(max-width: 300px) 100vw, 300px\" \/><\/a><a href=\"http:\/\/www.strassergarde.de\/?attachment_id=325\" rel=\"attachment wp-att-325\"><img decoding=\"async\" loading=\"lazy\" class=\"alignnone size-medium wp-image-325\" title=\"IMG_0254\" src=\"http:\/\/www.strassergarde.de\/wp-content\/uploads\/2012\/07\/IMG_0254-300x200.jpg\" alt=\"\" width=\"300\" height=\"200\" srcset=\"https:\/\/www.strassergarde.de\/wp-content\/uploads\/2012\/07\/IMG_0254-300x200.jpg 300w, https:\/\/www.strassergarde.de\/wp-content\/uploads\/2012\/07\/IMG_0254-128x85.jpg 128w, https:\/\/www.strassergarde.de\/wp-content\/uploads\/2012\/07\/IMG_0254-1024x682.jpg 1024w, https:\/\/www.strassergarde.de\/wp-content\/uploads\/2012\/07\/IMG_0254-450x300.jpg 450w\" sizes=\"(max-width: 300px) 100vw, 300px\" \/><\/a><\/p>\n<p>Alle Bands sind Meister in ihren Disziplinen und haben schon einige Preise gewonnen. F\u00fcr uns war es\u00a0 abwechslungsreich und interessant\u00a0 die anderen Gruppen zu erleben und machte uns stolz als Band dabei gewesen zu sein.<a href=\"http:\/\/www.strassergarde.de\/?attachment_id=324\" rel=\"attachment wp-att-324\"><img decoding=\"async\" loading=\"lazy\" class=\"alignnone size-medium wp-image-324\" title=\"IMG_0290\" src=\"http:\/\/www.strassergarde.de\/wp-content\/uploads\/2012\/07\/IMG_0290-300x200.jpg\" alt=\"\" width=\"300\" height=\"200\" srcset=\"https:\/\/www.strassergarde.de\/wp-content\/uploads\/2012\/07\/IMG_0290-300x200.jpg 300w, https:\/\/www.strassergarde.de\/wp-content\/uploads\/2012\/07\/IMG_0290-128x85.jpg 128w, https:\/\/www.strassergarde.de\/wp-content\/uploads\/2012\/07\/IMG_0290-1024x682.jpg 1024w, https:\/\/www.strassergarde.de\/wp-content\/uploads\/2012\/07\/IMG_0290-450x300.jpg 450w\" sizes=\"(max-width: 300px) 100vw, 300px\" \/><\/a><\/p>\n<p>Ein herzliches Dankesch\u00f6n nach Langerwehe f\u00fcr die Einladung.<\/p>\n<p>[nggallery id=23]<\/p>\n","protected":false},"excerpt":{"rendered":"<p>Am 30.06.2012 versammelten wir uns morgens 9.00 Uhr vor der Tulla-Halle, um uns auf den Weg nach K\u00f6ln zu machen. Unser diesj\u00e4hriger Ausflug stand auf dem Programm. Nach einem ausgiebigen Fr\u00fchst\u00fcck direkt an der Moseltalbr\u00fccke kamen wir gegen 14.30 Uhr &hellip; <a href=\"https:\/\/www.strassergarde.de\/?p=322\">Weiterlesen <span class=\"meta-nav\">&rarr;<\/span><\/a><\/p>\n","protected":false},"author":2,"featured_media":0,"comment_status":"closed","ping_status":"open","sticky":false,"template":"","format":"standard","meta":[],"categories":[1],"tags":[],"_links":{"self":[{"href":"https:\/\/www.strassergarde.de\/index.php?rest_route=\/wp\/v2\/posts\/322"}],"collection":[{"href":"https:\/\/www.strassergarde.de\/index.php?rest_route=\/wp\/v2\/posts"}],"about":[{"href":"https:\/\/www.strassergarde.de\/index.php?rest_route=\/wp\/v2\/types\/post"}],"author":[{"embeddable":true,"href":"https:\/\/www.strassergarde.de\/index.php?rest_route=\/wp\/v2\/users\/2"}],"replies":[{"embeddable":true,"href":"https:\/\/www.strassergarde.de\/index.php?rest_route=%2Fwp%2Fv2%2Fcomments&post=322"}],"version-history":[{"count":22,"href":"https:\/\/www.strassergarde.de\/index.php?rest_route=\/wp\/v2\/posts\/322\/revisions"}],"predecessor-version":[{"id":338,"href":"https:\/\/www.strassergarde.de\/index.php?rest_route=\/wp\/v2\/posts\/322\/revisions\/338"}],"wp:attachment":[{"href":"https:\/\/www.strassergarde.de\/index.php?rest_route=%2Fwp%2Fv2%2Fmedia&parent=322"}],"wp:term":[{"taxonomy":"category","embeddable":true,"href":"https:\/\/www.strassergarde.de\/index.php?rest_route=%2Fwp%2Fv2%2Fcategories&post=322"},{"taxonomy":"post_tag","embeddable":true,"href":"https:\/\/www.strassergarde.de\/index.php?rest_route=%2Fwp%2Fv2%2Ftags&post=322"}],"curies":[{"name":"wp","href":"https:\/\/api.w.org\/{rel}","templated":true}]}}