{"id":287,"date":"2012-06-01T20:57:37","date_gmt":"2012-06-01T18:57:37","guid":{"rendered":"http:\/\/pipes.strassergarde.de\/?p=287"},"modified":"2013-03-14T08:42:49","modified_gmt":"2013-03-14T07:42:49","slug":"eichtersheim-2012-2","status":"publish","type":"post","link":"https:\/\/www.strassergarde.de\/?p=287","title":{"rendered":"Eichtersheim 2012"},"content":{"rendered":"<p>Ein H\u00f6hepunkt beim 40. Pfingstmarkt in Angelbachtal\/Eichtersheim<br \/>\nDie Strasser Garde durfte bei herrlichem Pfingstwetter zum 16. Mal in Folge ihr K\u00f6nnen unter Beweis stellen<\/p>\n<p><a href=\"http:\/\/pipes.strassergarde.de\/?attachment_id=291\" rel=\"attachment wp-att-291\"><img decoding=\"async\" loading=\"lazy\" class=\"alignnone  wp-image-291\" title=\"IMG_0107\" src=\"http:\/\/pipes.strassergarde.de\/wp-content\/uploads\/2012\/06\/IMG_01071-300x200.jpg\" alt=\"\" width=\"300\" height=\"200\" srcset=\"https:\/\/www.strassergarde.de\/wp-content\/uploads\/2012\/06\/IMG_01071-300x200.jpg 300w, https:\/\/www.strassergarde.de\/wp-content\/uploads\/2012\/06\/IMG_01071-128x85.jpg 128w, https:\/\/www.strassergarde.de\/wp-content\/uploads\/2012\/06\/IMG_01071-1024x682.jpg 1024w, https:\/\/www.strassergarde.de\/wp-content\/uploads\/2012\/06\/IMG_01071-450x300.jpg 450w\" sizes=\"(max-width: 300px) 100vw, 300px\" \/><\/a><\/p>\n<p>Am 26.05.2012 waren wir zum 16. Mal beim Lichterfest in Eichtersheim in Angelbachtal eingeladen. Einmal mehr s\u00e4umten viele Zuschauer unseren Weg, als wir gegen 19.30 Uhr in den Schlosspark einmarschierten. Auch auf der Br\u00fccke vor dem Schloss wurden wir von einer Schaar von Zuh\u00f6rern erwartet. In einem insgesamt zweist\u00fcndigen Konzert konnten wir einen Gro\u00dfteil unseres Repertoires, wie&#8220; Queen of my heart&#8220;, &#8222;Freude sch\u00f6ner G\u00f6tterfunken&#8220;, &#8222;Last of the Mohawks&#8220; und vieles, vieles mehr zu Geh\u00f6r bringen. Zum ersten Mal pr\u00e4sentierten wir unser neues St\u00fcck &#8222;Bells of Dunblane&#8220;, bei dem unser j\u00fcngster Pipespieler, Damian K\u00f6hler, seine Nervosit\u00e4t gekonnt ablegte und ein anspruchsvolles Solo spielte. Wie immer war es ein rundum sch\u00f6nes Fest, umrahmt von einer wundersch\u00f6nen Kulisse und dankbarem Publikum. Man kann heute schon sagen, dass wir uns, und dann das 17. Mal, auf das n\u00e4chste Jahr freuen.<\/p>\n<p>[nggallery id=21]<\/p>\n","protected":false},"excerpt":{"rendered":"<p>Ein H\u00f6hepunkt beim 40. Pfingstmarkt in Angelbachtal\/Eichtersheim Die Strasser Garde durfte bei herrlichem Pfingstwetter zum 16. Mal in Folge ihr K\u00f6nnen unter Beweis stellen Am 26.05.2012 waren wir zum 16. Mal beim Lichterfest in Eichtersheim in Angelbachtal eingeladen. Einmal mehr &hellip; <a href=\"https:\/\/www.strassergarde.de\/?p=287\">Weiterlesen <span class=\"meta-nav\">&rarr;<\/span><\/a><\/p>\n","protected":false},"author":2,"featured_media":0,"comment_status":"closed","ping_status":"open","sticky":false,"template":"","format":"standard","meta":[],"categories":[1],"tags":[],"_links":{"self":[{"href":"https:\/\/www.strassergarde.de\/index.php?rest_route=\/wp\/v2\/posts\/287"}],"collection":[{"href":"https:\/\/www.strassergarde.de\/index.php?rest_route=\/wp\/v2\/posts"}],"about":[{"href":"https:\/\/www.strassergarde.de\/index.php?rest_route=\/wp\/v2\/types\/post"}],"author":[{"embeddable":true,"href":"https:\/\/www.strassergarde.de\/index.php?rest_route=\/wp\/v2\/users\/2"}],"replies":[{"embeddable":true,"href":"https:\/\/www.strassergarde.de\/index.php?rest_route=%2Fwp%2Fv2%2Fcomments&post=287"}],"version-history":[{"count":18,"href":"https:\/\/www.strassergarde.de\/index.php?rest_route=\/wp\/v2\/posts\/287\/revisions"}],"predecessor-version":[{"id":437,"href":"https:\/\/www.strassergarde.de\/index.php?rest_route=\/wp\/v2\/posts\/287\/revisions\/437"}],"wp:attachment":[{"href":"https:\/\/www.strassergarde.de\/index.php?rest_route=%2Fwp%2Fv2%2Fmedia&parent=287"}],"wp:term":[{"taxonomy":"category","embeddable":true,"href":"https:\/\/www.strassergarde.de\/index.php?rest_route=%2Fwp%2Fv2%2Fcategories&post=287"},{"taxonomy":"post_tag","embeddable":true,"href":"https:\/\/www.strassergarde.de\/index.php?rest_route=%2Fwp%2Fv2%2Ftags&post=287"}],"curies":[{"name":"wp","href":"https:\/\/api.w.org\/{rel}","templated":true}]}}